{"id":464,"date":"2019-12-04T18:27:37","date_gmt":"2019-12-04T16:27:37","guid":{"rendered":"http:\/\/tienaukaisijat.vapaakirkko.com\/?p=464"},"modified":"2019-12-04T18:27:37","modified_gmt":"2019-12-04T16:27:37","slug":"raamattu-ja-rukouspaivat-kiponniemessa-25-27-10-2019","status":"publish","type":"post","link":"https:\/\/tienaukaisijat.vapaakirkko.com\/?p=464","title":{"rendered":"Raamattu-ja rukousp\u00e4iv\u00e4t Kiponniemess\u00e4 25.-27.10.2019"},"content":{"rendered":"<p><strong>&#8220;Pyh\u00e4 Henki ja min\u00e4&#8221;<\/strong><\/p>\n<p>Viime kev\u00e4\u00e4n\u00e4 olin ensi kertaa vastaavilla p\u00e4ivill\u00e4 Kiponniemess\u00e4 yst\u00e4v\u00e4tt\u00e4reni, Anna-Liisa Ylisen kanssa. Niiden p\u00e4ivien annista kiitollisina halusimme j\u00e4lleen tulla mukaan virkistym\u00e4\u00e4n ja vahvistumaan. T\u00e4m\u00e4n syksyn teemana oli &#8220;Pyh\u00e4 Henki ja min\u00e4&#8221;.<\/p>\n<p>Erilaisten yhteensattumien vuoksi osanottajam\u00e4\u00e4r\u00e4 j\u00e4i kev\u00e4tp\u00e4ivi\u00e4 pienemm\u00e4ksi, mutta kuitenkin meit\u00e4 oli kaikkiaan yli 30. Osa oli p\u00e4iv\u00e4k\u00e4vij\u00f6it\u00e4 ja osa koko ajan mukana olleita. Tienaukaisijat ry:n hallituksen j\u00e4seni\u00e4 oli mukana erilaisissa teht\u00e4viss\u00e4. Helena Penttil\u00e4 ja Sinikka Laine kantoivat p\u00e4\u00e4vastuuta p\u00e4ivist\u00e4.<\/p>\n<div id=\"attachment_465\" style=\"width: 199px\" class=\"wp-caption alignright\"><a href=\"https:\/\/tienaukaisijat.vapaakirkko.com\/wp-content\/uploads\/HelenaLintinenKarvala.png\"><img loading=\"lazy\" decoding=\"async\" aria-describedby=\"caption-attachment-465\" class=\"wp-image-465\" src=\"https:\/\/tienaukaisijat.vapaakirkko.com\/wp-content\/uploads\/HelenaLintinenKarvala.png\" alt=\"\" width=\"189\" height=\"300\" srcset=\"https:\/\/tienaukaisijat.vapaakirkko.com\/wp-content\/uploads\/HelenaLintinenKarvala.png 505w, https:\/\/tienaukaisijat.vapaakirkko.com\/wp-content\/uploads\/HelenaLintinenKarvala-189x300.png 189w\" sizes=\"auto, (max-width: 189px) 100vw, 189px\" \/><\/a><p id=\"caption-attachment-465\" class=\"wp-caption-text\">Helena Lintinen-Karvala<\/p><\/div>\n<p>P\u00e4\u00e4osan opetuksesta hoiti Helena Lintinen-Karvala. Minulle h\u00e4n oli uusi tuttavuus. Heti ensimm\u00e4isest\u00e4 opetustuokiosta l\u00e4htien huomasin, ett\u00e4 Helenalla oli mielenkiintoinen tapa l\u00e4hesty\u00e4 teemaamme hyvin monipuolisesti. Helena painotti erityisesti sit\u00e4, ett\u00e4 meid\u00e4t on luotu erilaisiksi. Siksi koemme Jumalan ja Pyh\u00e4n Hengen l\u00e4heisyydenkin eri tavoin ja erilaisissa tilanteissa. Raamattu kuvaa meille hyvin v\u00e4rikk\u00e4\u00e4sti Jumalan ja ihmisen vuorovaikutusta ja yhteytt\u00e4 erilaisten henkil\u00f6iden v\u00e4lityksell\u00e4. Meid\u00e4n Jumalamme on valtava!!<\/p>\n<p>Jumala on luonut erilaisia v\u00e4yli\u00e4, joiden kautta voimme kokea l\u00e4heisyytt\u00e4 H\u00e4nen kanssaan. Jumalan kohtaamisen v\u00e4yl\u00e4t avasivat uusia n\u00e4k\u00f6aloja, miten Jumala puhuu erilaisille ihmisille. H\u00e4n voi puhua meille luonnossa, aistiemme kautta, historian, hiljaisuuden, palvelemisen, tutkimisen ja oppimisen kautta. Saimme muistutusta, miten Pyh\u00e4 Henki ei ole vain kokemus, vaan el\u00e4m\u00e4mme voima arjen keskell\u00e4. Saamme el\u00e4\u00e4 yhdess\u00e4 Pyh\u00e4n Hengen kanssa Jumalan yhteydess\u00e4. N\u00e4in el\u00e4en Hengen hedelm\u00e4 p\u00e4\u00e4see meiss\u00e4 kasvamaan ja muutumme H\u00e4nen kuvansa kaltaisiksi.<\/p>\n<p>Jumalan tavoite on, ett\u00e4 meihin tulee Jeesuksen ominaisuuksia. Olemme Jumalan valon kantajia maailmassa, arjessa. On hyv\u00e4 kysy\u00e4 itselt\u00e4\u00e4n, mit\u00e4 minusta tulee esiin el\u00e4m\u00e4n keskell\u00e4. Corrie ten Boomin esimerkki\u00e4 lainaten, Helena muistutti meit\u00e4, ett\u00e4 olemme kuin hansikas, jonka omistaja panee k\u00e4teens\u00e4. Siin\u00e4 hansikas pystyy tekem\u00e4\u00e4n monenlaisia asioita.<\/p>\n<p>P\u00e4ivill\u00e4 vieraili my\u00f6s l\u00e4hetysjohtaja Nanna Rautiainen. H\u00e4n kertoi mielenkiintoisesti omasta el\u00e4m\u00e4st\u00e4\u00e4n ja Jumalan johdatuksesta kohti nykyist\u00e4 teht\u00e4v\u00e4\u00e4ns\u00e4.<\/p>\n<p>Tarja Huuskonen huolehti kauniisti yhteislaulujen johtamisesta ja s\u00e4estyksest\u00e4. Lauantai-iltana saimme osallistua pienimuotoiseen konserttiin. Siin\u00e4 pianisti Leena Suhonen ja viulisti Arto Koistinen soittivat koskettavasti. Viel\u00e4 sunnuntaina saimme nauttia heid\u00e4n musisoinnistaan.<\/p>\n<p>Helena Penttil\u00e4 rohkaisi meit\u00e4 p\u00e4ivien viimeisess\u00e4 tilaisuudessa, ehtoollisjuhlassa. H\u00e4n muistutti, ett\u00e4 Jumala ei ole sidottu meid\u00e4n rikkin\u00e4isyyteemme eik\u00e4 keskener\u00e4isyyteemme. Jeesuksen haudalla ollut Maria sai kohdata H\u00e4net el\u00e4v\u00e4n\u00e4. El\u00e4m\u00e4n toivottomuuteen tuli toivo. Helenan puheesta Anna-Liisalle ja minulle j\u00e4i aivankuin motoksi: Tilanne on Jumalan<br \/>\nhallinnassa! Jumala on uskollinen eik\u00e4 koskaan ole pois vierelt\u00e4ni.<\/p>\n<p>Olemme kiitollisia Jumalalle rauhallisesta ja levollisesta ilmapiirist\u00e4, joka vallitsi koko viikonvaihteen ajan. Saimme palata Kiponniemest\u00e4 siunattuina ja ravittuina.<\/p>\n<p>Irma Mantsinen<br \/>\nLaukaa<\/p>\n","protected":false},"excerpt":{"rendered":"<p>&#8220;Pyh\u00e4 Henki ja min\u00e4&#8221; Viime kev\u00e4\u00e4n\u00e4 olin ensi kertaa vastaavilla p\u00e4ivill\u00e4 Kiponniemess\u00e4 yst\u00e4v\u00e4tt\u00e4reni, Anna-Liisa Ylisen kanssa. Niiden p\u00e4ivien annista kiitollisina halusimme j\u00e4lleen tulla mukaan virkistym\u00e4\u00e4n ja vahvistumaan. T\u00e4m\u00e4n syksyn teemana oli &#8220;Pyh\u00e4 Henki ja min\u00e4&#8221;. Erilaisten yhteensattumien vuoksi osanottajam\u00e4\u00e4r\u00e4 j\u00e4i kev\u00e4tp\u00e4ivi\u00e4 pienemm\u00e4ksi, mutta kuitenkin meit\u00e4 oli kaikkiaan yli 30. Osa oli p\u00e4iv\u00e4k\u00e4vij\u00f6it\u00e4 ja osa koko [&hellip;]<\/p>\n","protected":false},"author":1,"featured_media":0,"comment_status":"closed","ping_status":"closed","sticky":false,"template":"","format":"standard","meta":{"jetpack_post_was_ever_published":false,"_jetpack_newsletter_access":"","_jetpack_dont_email_post_to_subs":false,"_jetpack_newsletter_tier_id":0,"_jetpack_memberships_contains_paywalled_content":false,"_jetpack_memberships_contains_paid_content":false,"footnotes":"","jetpack_publicize_message":"","jetpack_publicize_feature_enabled":true,"jetpack_social_post_already_shared":true,"jetpack_social_options":{"image_generator_settings":{"template":"highway","default_image_id":0,"font":"","enabled":false},"version":2}},"categories":[1],"tags":[],"class_list":["post-464","post","type-post","status-publish","format-standard","hentry","category-uutiset"],"jetpack_publicize_connections":[],"jetpack_featured_media_url":"","jetpack_sharing_enabled":true,"jetpack_shortlink":"https:\/\/wp.me\/p6MyHJ-7u","_links":{"self":[{"href":"https:\/\/tienaukaisijat.vapaakirkko.com\/index.php?rest_route=\/wp\/v2\/posts\/464","targetHints":{"allow":["GET"]}}],"collection":[{"href":"https:\/\/tienaukaisijat.vapaakirkko.com\/index.php?rest_route=\/wp\/v2\/posts"}],"about":[{"href":"https:\/\/tienaukaisijat.vapaakirkko.com\/index.php?rest_route=\/wp\/v2\/types\/post"}],"author":[{"embeddable":true,"href":"https:\/\/tienaukaisijat.vapaakirkko.com\/index.php?rest_route=\/wp\/v2\/users\/1"}],"replies":[{"embeddable":true,"href":"https:\/\/tienaukaisijat.vapaakirkko.com\/index.php?rest_route=%2Fwp%2Fv2%2Fcomments&post=464"}],"version-history":[{"count":1,"href":"https:\/\/tienaukaisijat.vapaakirkko.com\/index.php?rest_route=\/wp\/v2\/posts\/464\/revisions"}],"predecessor-version":[{"id":466,"href":"https:\/\/tienaukaisijat.vapaakirkko.com\/index.php?rest_route=\/wp\/v2\/posts\/464\/revisions\/466"}],"wp:attachment":[{"href":"https:\/\/tienaukaisijat.vapaakirkko.com\/index.php?rest_route=%2Fwp%2Fv2%2Fmedia&parent=464"}],"wp:term":[{"taxonomy":"category","embeddable":true,"href":"https:\/\/tienaukaisijat.vapaakirkko.com\/index.php?rest_route=%2Fwp%2Fv2%2Fcategories&post=464"},{"taxonomy":"post_tag","embeddable":true,"href":"https:\/\/tienaukaisijat.vapaakirkko.com\/index.php?rest_route=%2Fwp%2Fv2%2Ftags&post=464"}],"curies":[{"name":"wp","href":"https:\/\/api.w.org\/{rel}","templated":true}]}}